{"id":322,"date":"2024-04-10T13:54:00","date_gmt":"2024-04-10T11:54:00","guid":{"rendered":"https:\/\/uja.smartlegal.fr\/?p=322"},"modified":"2024-09-16T13:11:59","modified_gmt":"2024-09-16T11:11:59","slug":"article-1","status":"publish","type":"post","link":"https:\/\/www.ujadenice.fr\/?p=322","title":{"rendered":"UJA de Nice : Une actualit\u00e9 tr\u00e8s riche pour les mois de mars et avril"},"content":{"rendered":"\n<p>Le 21 mars dernier, l&rsquo;<a href=\"https:\/\/www.linkedin.com\/company\/uja-de-nice\/\">UJA de NICE<\/a> \u00e9tait pr\u00e9sente \u00e0 la rencontre annuelle \u00ab\u00a0Avocats-Magistrats\u00a0\u00bb au sein des r\u00e9unions p\u00e9nales et civiles, en pr\u00e9sence des B\u00e2tonniers, de Madame le Pr\u00e9sident du Tribunal Judiciaire, et de Monsieur le Procureur de la R\u00e9publique.<br><br> Le 29 mars dernier, l\u2019<a href=\"https:\/\/www.linkedin.com\/company\/uja-de-nice\/\">UJA de NICE<\/a> \u00e9tait \u00e9galement pr\u00e9sente en nombre aux c\u00f4t\u00e9s de Monsieur le Maire de Nice, avec le soutien de notre Cons\u0153ur, Me <a href=\"https:\/\/www.linkedin.com\/in\/ACoAAA3_frQBEK7hJRwg8dOAENNjrmVA-ZxADJw\"><\/a><a href=\"https:\/\/www.linkedin.com\/in\/marie-pierre-lazard-44479766\/\">Marie-Pierre Lazard<\/a>, pour la signature de la convention tripartite \u00ab\u00a0avocats dans les \u00e9coles\u00a0\u00bb, entre l&rsquo;Ordre, le CDAD et la Mairie de Nice.<br><br> Les membres du Bureau de l&rsquo;<a href=\"https:\/\/www.linkedin.com\/company\/uja-de-nice\/\">UJA de NICE<\/a> sont engag\u00e9s dans cette d\u00e9marche.<br><br>Ils interviendront dans les \u00e9coles, l\u00e0-encore avec le soutien des B\u00e2tonniers et de Madame le Pr\u00e9sident du Tribunal Judiciaire.<br><br>\u27a1\ufe0fEt le 12 avril dernier, une formation UJA \u00e9tait organis\u00e9e sur la th\u00e9matique de la saisie immobili\u00e8re en partenariat avec l\u2019IFRBN Nice et nos Cons\u0153urs, Me St\u00e9phanie Hobsterdre-Ducray et Ga\u00eblle Harrar, que nous remercions.<br><br>Gr\u00e2ce \u00e0 nos amis des <a href=\"https:\/\/www.linkedin.com\/company\/petites-affiches-des-alpes-maritimes\/\">Les Petites Affiches des Alpes-Maritimes<\/a>, ce sera la 1\u00e8re formation qui fera l&rsquo;objet d&rsquo;une diffusion podcast!<br><br>Nous vous retrouverons en mai, pour notre nouvelle veille juridique, pour ledit podcast, ainsi qu&rsquo;une formation Droit routier aux c\u00f4t\u00e9s de notre Confr\u00e8re, Me Laurent Terrazzoni .<\/p>\n","protected":false},"excerpt":{"rendered":"<p>Le 21 mars dernier, l&rsquo;UJA de NICE \u00e9tait pr\u00e9sente \u00e0 la rencontre annuelle \u00ab\u00a0Avocats-Magistrats\u00a0\u00bb au sein des r\u00e9unions p\u00e9nales et civiles, en pr\u00e9sence des B\u00e2tonniers, de Madame le Pr\u00e9sident du Tribunal Judiciaire, et de Monsieur le Procureur de la R\u00e9publique. Le 29 mars dernier, l\u2019UJA de NICE \u00e9tait \u00e9galement pr\u00e9sente en nombre aux c\u00f4t\u00e9s de [&hellip;]<\/p>\n","protected":false},"author":1,"featured_media":770,"comment_status":"closed","ping_status":"closed","sticky":false,"template":"","format":"standard","meta":{"_et_pb_use_builder":"off","_et_pb_old_content":"","_et_gb_content_width":"","footnotes":""},"categories":[1],"tags":[],"class_list":["post-322","post","type-post","status-publish","format-standard","has-post-thumbnail","hentry","category-actualites"],"_links":{"self":[{"href":"https:\/\/www.ujadenice.fr\/index.php?rest_route=\/wp\/v2\/posts\/322","targetHints":{"allow":["GET"]}}],"collection":[{"href":"https:\/\/www.ujadenice.fr\/index.php?rest_route=\/wp\/v2\/posts"}],"about":[{"href":"https:\/\/www.ujadenice.fr\/index.php?rest_route=\/wp\/v2\/types\/post"}],"author":[{"embeddable":true,"href":"https:\/\/www.ujadenice.fr\/index.php?rest_route=\/wp\/v2\/users\/1"}],"replies":[{"embeddable":true,"href":"https:\/\/www.ujadenice.fr\/index.php?rest_route=%2Fwp%2Fv2%2Fcomments&post=322"}],"version-history":[{"count":6,"href":"https:\/\/www.ujadenice.fr\/index.php?rest_route=\/wp\/v2\/posts\/322\/revisions"}],"predecessor-version":[{"id":771,"href":"https:\/\/www.ujadenice.fr\/index.php?rest_route=\/wp\/v2\/posts\/322\/revisions\/771"}],"wp:featuredmedia":[{"embeddable":true,"href":"https:\/\/www.ujadenice.fr\/index.php?rest_route=\/wp\/v2\/media\/770"}],"wp:attachment":[{"href":"https:\/\/www.ujadenice.fr\/index.php?rest_route=%2Fwp%2Fv2%2Fmedia&parent=322"}],"wp:term":[{"taxonomy":"category","embeddable":true,"href":"https:\/\/www.ujadenice.fr\/index.php?rest_route=%2Fwp%2Fv2%2Fcategories&post=322"},{"taxonomy":"post_tag","embeddable":true,"href":"https:\/\/www.ujadenice.fr\/index.php?rest_route=%2Fwp%2Fv2%2Ftags&post=322"}],"curies":[{"name":"wp","href":"https:\/\/api.w.org\/{rel}","templated":true}]}}